{"id":3343,"date":"2025-10-06T16:10:44","date_gmt":"2025-10-06T14:10:44","guid":{"rendered":"https:\/\/tecnologia.euroinnova.com\/dia-internacional-de-las-ninas-en-las-tic-redisenando-el-futuro-digital\/"},"modified":"2025-10-07T14:50:30","modified_gmt":"2025-10-07T12:50:30","slug":"dia-internacional-ninas-tic","status":"publish","type":"post","link":"https:\/\/tecnologia.euroinnova.com\/fr\/dia-internacional-ninas-tic","title":{"rendered":"Journ\u00e9e internationale des filles dans les TIC : redessiner l'avenir num\u00e9rique !"},"content":{"rendered":"<p>Le pr\u00e9sent<strong> jueves 24 de abril <\/strong>se celebra el<strong> D\u00eda Internacional de las Ni\u00f1as en las TIC<\/strong>, una fecha especial para <strong>visibilizar y promover<\/strong> la participaci\u00f3n activa de ni\u00f1as y j\u00f3venes en el mundo de las Tecnolog\u00edas de la Informaci\u00f3n y la Comunicaci\u00f3n. Se trata de una <strong>poderosa oportunidad<\/strong> pour <strong>inspirar, educar y construir <\/strong>un <strong>futuro<\/strong> <strong>m\u00e1s equitativo y digitalmente inclusivo<\/strong>.<\/p>\n<h2 id=\"como-surgio-el-motivo-de-celebracion-de-este-dia\"><strong>\u00bfC\u00f3mo surgi\u00f3 el motivo de celebraci\u00f3n de este d\u00eda?<\/strong><\/h2>\n<p>En 2010, la Uni\u00f3n Internacional de Telecomunicaciones (<strong>UIT<\/strong>), organismo especializado en telecomunicaciones de la ONU, aprob\u00f3 empezar a celebrar <strong>cada cuarto jueves del mes de abril<\/strong> una<strong> jornada en honor a las ni\u00f1as en las TIC.<\/strong> Su <strong>finalidad <\/strong>es <strong>reducir <\/strong>la <strong>brecha <\/strong>digital de g\u00e9nero y <strong>atraer<\/strong> a las <strong>j\u00f3venes <\/strong>a estudiar carreras cient\u00edfico-tecnol\u00f3gicas. Naci\u00f3 para llamar la atenci\u00f3n de otros organismos de las Naciones Unidas y aumentar el inter\u00e9s y las oportunidades para mujeres y ni\u00f1as en las TIC durante sus primeras etapas educativas. En el <strong>cierre final de la resoluci\u00f3n<\/strong>, se invit\u00f3 a <strong>centros de investigaci\u00f3n, universidades y dem\u00e1s instituciones<\/strong> a celebrar este d\u00eda y <strong>organizar actividades<\/strong> con motivo del D\u00eda Internacional de las Ni\u00f1as en las TIC. Desde entonces, los pa\u00edses han ido integrando esta fecha y <strong>conmemorando con exposiciones, actividades de sensibilizaci\u00f3n y talleres de orientaci\u00f3n<\/strong>, entre otras propuestas.<\/p>\n<p>Les <strong>raz\u00f3n fundamental de la celebraci\u00f3n <\/strong>de este d\u00eda es la<strong> falta de mujeres con aptitudes para el desarrollo de las TIC <\/strong>que est\u00e1 provocando una grave disminuci\u00f3n en el <strong>desarrollo econ\u00f3mico y social <\/strong>de los pa\u00edses. En la actualidad, las actividades econ\u00f3micas tienen una<strong> relaci\u00f3n directa con elementos tecnol\u00f3gicos<\/strong>. Por tanto, si la poblaci\u00f3n femenina no cuenta con las habilidades ni conocimientos necesarios para realizar estas tareas, habr\u00e1 una <strong>falta de avance a nivel global<\/strong> porque se est\u00e1 dejando de lado el potencial de m\u00e1s de la mitad de la poblaci\u00f3n en el mundo.<\/p>\n<p>Este 2025 se celebra bajo el lema \u00abLas ni\u00f1as en las TIC para una transformaci\u00f3n digital inclusiva\u00bb. Una frase que va m\u00e1s all\u00e1 de lo simb\u00f3lico y apunta directamente al coraz\u00f3n del cambio que necesitamos. Nos recuerda que la <strong data-start=\"243\" data-end=\"262\">equidad digital<\/strong> no se limita al acceso a dispositivos o internet, sino que abarca tambi\u00e9n la creaci\u00f3n de <strong data-start=\"352\" data-end=\"399\">espacios donde las ni\u00f1as sean protagonistas<\/strong>, donde tengan las <strong data-start=\"418\" data-end=\"473\">mismas oportunidades para aprender, liderar y crear<\/strong>, donde su talento sea reconocido y su voz escuchada. Porque una transformaci\u00f3n digital verdaderamente inclusiva no puede dejar fuera a la mitad del mundo: necesita de la mirada, las ideas y la fuerza transformadora de las ni\u00f1as.<\/p>\n<h2 class=\"\" data-start=\"758\" data-end=\"811\" id=\"una-brecha-que-aun-existe-pero-que-esta-cambiando\">Una brecha que a\u00fan existe, pero que est\u00e1 cambiando<\/h2>\n<p class=\"\" data-start=\"813\" data-end=\"1282\">Durante d\u00e9cadas, el mundo de la tecnolog\u00eda ha estado dominado mayoritariamente por figuras masculinas. Las estad\u00edsticas globales siguen mostrando que las mujeres representan una <strong data-start=\"991\" data-end=\"1023\">minor\u00eda en las carreras STEM<\/strong> (Ciencia, Tecnolog\u00eda, Ingenier\u00eda y Matem\u00e1ticas), especialmente en \u00e1reas como la programaci\u00f3n, la ciberseguridad o el desarrollo de software. Pero esto no es por falta de talento, sino por <strong data-start=\"1212\" data-end=\"1258\">falta de oportunidades, referentes y apoyo<\/strong> desde edades tempranas.<\/p>\n<p class=\"\" data-start=\"1284\" data-end=\"1623\">Sin embargo, el panorama est\u00e1 empezando a cambiar. Gracias a iniciativas educativas, talleres, programas de mentor\u00eda y organizaciones que promueven la participaci\u00f3n de las ni\u00f1as en tecnolog\u00eda, hoy vemos a <strong data-start=\"1489\" data-end=\"1585\">m\u00e1s ni\u00f1as codeando, construyendo <\/strong><a href=\"https:\/\/tecnologia.euroinnova.com\/fr\/tres-leyes-de-la-robotica\/\"><strong data-start=\"1489\" data-end=\"1585\">robots<\/strong><\/a><strong data-start=\"1489\" data-end=\"1585\">, dise\u00f1ando apps e imaginando soluciones tecnol\u00f3gicas<\/strong> para los grandes problemas del mundo.<\/p>\n<p class=\"\" data-start=\"1284\" data-end=\"1623\">Hoy en d\u00eda, no solo celebramos a las ni\u00f1as que se est\u00e1n formando en tecnolog\u00eda, sino tambi\u00e9n a quienes ya est\u00e1n dejando huella: desde adolescentes que desarrollan apps para resolver problemas locales hasta j\u00f3venes que lideran comunidades de programaci\u00f3n en sus escuelas. Ellas son las <strong data-start=\"2762\" data-end=\"2783\">nuevas referentes<\/strong>, las que sirven de ejemplo de inspiraci\u00f3n para las generaciones venideras.<\/p>\n<h2 id=\"que-podemos-hacer-para-seguir-apoyando-este-movimiento\"><strong>\u00bfQu\u00e9 podemos hacer para seguir apoyando este movimiento?<\/strong><\/h2>\n<ul>\n<li class=\"\" data-start=\"3102\" data-end=\"3227\">\n<p class=\"\" data-start=\"3104\" data-end=\"3227\"><strong data-start=\"3104\" data-end=\"3132\">Educar sin estereotipos:<\/strong> desde casa, en la escuela o en los medios, fomentemos una visi\u00f3n igualitaria de la tecnolog\u00eda.<\/p>\n<\/li>\n<li class=\"\" data-start=\"3228\" data-end=\"3333\">\n<p class=\"\" data-start=\"3230\" data-end=\"3333\"><strong data-start=\"3230\" data-end=\"3269\">Dar acceso a recursos tecnol\u00f3gicos:<\/strong> tablets, internet, cursos online\u2026 todo suma para abrir puertas.<\/p>\n<\/li>\n<li class=\"\" data-start=\"3334\" data-end=\"3453\">\n<p class=\"\" data-start=\"3336\" data-end=\"3453\"><strong data-start=\"3336\" data-end=\"3381\">Visibilizar referentes femeninos en tech:<\/strong> que las ni\u00f1as vean que hay muchas como ellas, brillando en este sector.<\/p>\n<\/li>\n<li class=\"\" data-start=\"3454\" data-end=\"3546\">\n<p class=\"\" data-start=\"3456\" data-end=\"3546\"><strong data-start=\"3456\" data-end=\"3496\">Crear espacios seguros y motivadores<\/strong> para que puedan explorar, equivocarse y aprender.<\/p>\n<\/li>\n<\/ul>\n<p>Como vemos, invertir en las ni\u00f1as en las TIC <strong>no solo se cierra esa brecha<\/strong>, sino que se abre un <strong>mundo de posibilidades <\/strong>donde todos ganamos.<\/p>","protected":false},"excerpt":{"rendered":"<p>Este jueves 24 de abril se celebra el D\u00eda Internacional de las Ni\u00f1as en las TIC, una fecha especial para [&hellip;]<\/p>\n","protected":false},"author":2,"featured_media":1039,"comment_status":"closed","ping_status":"closed","sticky":false,"template":"","format":"standard","meta":{"_acf_changed":false,"site-sidebar-layout":"default","site-content-layout":"","ast-site-content-layout":"default","site-content-style":"default","site-sidebar-style":"default","ast-global-header-display":"","ast-banner-title-visibility":"","ast-main-header-display":"","ast-hfb-above-header-display":"","ast-hfb-below-header-display":"","ast-hfb-mobile-header-display":"","site-post-title":"","ast-breadcrumbs-content":"","ast-featured-img":"","footer-sml-layout":"","ast-disable-related-posts":"","theme-transparent-header-meta":"","adv-header-id-meta":"","stick-header-meta":"","header-above-stick-meta":"","header-main-stick-meta":"","header-below-stick-meta":"","astra-migrate-meta-layouts":"default","ast-page-background-enabled":"default","ast-page-background-meta":{"desktop":{"background-color":"var(--ast-global-color-5)","background-image":"","background-repeat":"repeat","background-position":"center center","background-size":"auto","background-attachment":"scroll","background-type":"","background-media":"","overlay-type":"","overlay-color":"","overlay-opacity":"","overlay-gradient":""},"tablet":{"background-color":"","background-image":"","background-repeat":"repeat","background-position":"center center","background-size":"auto","background-attachment":"scroll","background-type":"","background-media":"","overlay-type":"","overlay-color":"","overlay-opacity":"","overlay-gradient":""},"mobile":{"background-color":"","background-image":"","background-repeat":"repeat","background-position":"center center","background-size":"auto","background-attachment":"scroll","background-type":"","background-media":"","overlay-type":"","overlay-color":"","overlay-opacity":"","overlay-gradient":""}},"ast-content-background-meta":{"desktop":{"background-color":"var(--ast-global-color-4)","background-image":"","background-repeat":"repeat","background-position":"center center","background-size":"auto","background-attachment":"scroll","background-type":"","background-media":"","overlay-type":"","overlay-color":"","overlay-opacity":"","overlay-gradient":""},"tablet":{"background-color":"var(--ast-global-color-4)","background-image":"","background-repeat":"repeat","background-position":"center center","background-size":"auto","background-attachment":"scroll","background-type":"","background-media":"","overlay-type":"","overlay-color":"","overlay-opacity":"","overlay-gradient":""},"mobile":{"background-color":"var(--ast-global-color-4)","background-image":"","background-repeat":"repeat","background-position":"center center","background-size":"auto","background-attachment":"scroll","background-type":"","background-media":"","overlay-type":"","overlay-color":"","overlay-opacity":"","overlay-gradient":""}},"footnotes":""},"categories":[1],"tags":[],"class_list":["post-3343","post","type-post","status-publish","format-standard","has-post-thumbnail","hentry","category-sin-categorizar"],"acf":[],"_links":{"self":[{"href":"https:\/\/tecnologia.euroinnova.com\/fr\/wp-json\/wp\/v2\/posts\/3343","targetHints":{"allow":["GET"]}}],"collection":[{"href":"https:\/\/tecnologia.euroinnova.com\/fr\/wp-json\/wp\/v2\/posts"}],"about":[{"href":"https:\/\/tecnologia.euroinnova.com\/fr\/wp-json\/wp\/v2\/types\/post"}],"author":[{"embeddable":true,"href":"https:\/\/tecnologia.euroinnova.com\/fr\/wp-json\/wp\/v2\/users\/2"}],"replies":[{"embeddable":true,"href":"https:\/\/tecnologia.euroinnova.com\/fr\/wp-json\/wp\/v2\/comments?post=3343"}],"version-history":[{"count":0,"href":"https:\/\/tecnologia.euroinnova.com\/fr\/wp-json\/wp\/v2\/posts\/3343\/revisions"}],"wp:featuredmedia":[{"embeddable":true,"href":"https:\/\/tecnologia.euroinnova.com\/fr\/wp-json\/wp\/v2\/media\/1039"}],"wp:attachment":[{"href":"https:\/\/tecnologia.euroinnova.com\/fr\/wp-json\/wp\/v2\/media?parent=3343"}],"wp:term":[{"taxonomy":"category","embeddable":true,"href":"https:\/\/tecnologia.euroinnova.com\/fr\/wp-json\/wp\/v2\/categories?post=3343"},{"taxonomy":"post_tag","embeddable":true,"href":"https:\/\/tecnologia.euroinnova.com\/fr\/wp-json\/wp\/v2\/tags?post=3343"}],"curies":[{"name":"wp","href":"https:\/\/api.w.org\/{rel}","templated":true}]}}