{"id":3234,"date":"2025-10-06T16:09:05","date_gmt":"2025-10-06T14:09:05","guid":{"rendered":"https:\/\/tecnologia.euroinnova.com\/por-que-han-arrestado-a-pavel-durov-fundador-de-telegram\/"},"modified":"2025-10-07T14:52:37","modified_gmt":"2025-10-07T12:52:37","slug":"pavel-durov-telegram","status":"publish","type":"post","link":"https:\/\/tecnologia.euroinnova.com\/fr\/pavel-durov-telegram","title":{"rendered":"Pourquoi le fondateur de Telegram, Pavel Durov, a-t-il \u00e9t\u00e9 arr\u00eat\u00e9 ?"},"content":{"rendered":"<p dir=\"ltr\">P\u00e1vel D\u00farov, tambi\u00e9n apodado como el Mark Zuckerberg ruso, fue arrestado <strong>el 24 de agosto en Francia por orden de Emmanuel Macron<\/strong>, el Presidente de la Rep\u00fablica Francesa. Esta decisi\u00f3n ha causado una gran controversia a nivel internacional por su aparente arbitrariedad.\u00a0<\/p>\n<p dir=\"ltr\">En muchas partes de Rusia y Ucrania a P\u00e1vel D\u00farov se le estima enormemente. A su vez, el mundo entero lo conoce por crear <strong>una de las aplicaciones de mensajer\u00eda m\u00e1s libre, segura e innovadora. <\/strong>Y es precisamente lo que se teme que est\u00e9 detr\u00e1s de esta escandalosa detenci\u00f3n: el cierre de Telegram o su interferencia forzosa por parte de la Uni\u00f3n Europea.<\/p>\n<h2 dir=\"ltr\" id=\"quien-es-pavel-durov\">\u00bfQui\u00e9n es P\u00e1vel D\u00farov?<\/h2>\n<p dir=\"ltr\">P\u00e1vel D\u00farov se le conoce fuera del \u00e1mbito rusoparlante principalmente por ser el fundador de Telegram. Sin embargo, en pa\u00edses como Rusia y Ucrania este aclamado programador es m\u00e1s conocido por haber creado la red social <strong>VK (VKontakte)<\/strong>, que ha ganado una popularidad inmensa en los pa\u00edses del Este desde su lanzamiento en 2006.<\/p>\n<p dir=\"ltr\">P\u00e1vel D\u00farov ide\u00f3 Telegram como un <strong>sistema de mensajer\u00eda seguro en el que las personas pudieran comunicarse entre s\u00ed sin brechas de seguridad ni injerencias externas.<\/strong> Concibi\u00f3 Telegram al vivir una situaci\u00f3n muy peligrosa en 2011. En este a\u00f1o, unos funcionarios armados del Gobierno Ruso se personaron en el umbral de su casa y le instaron a que censurase el contenido de la oposici\u00f3n pol\u00edtica en VKontake.\u00a0<\/p>\n<p dir=\"ltr\">Fue en este momento que a P\u00e1vel se le ilumin\u00f3 la mente y se le ocurri\u00f3 la idea de crear una aplicaci\u00f3n de mensajer\u00eda independiente, sin censuras y sin influjos de autoridad estatal alguna. Si bien al principio solo pod\u00edan enviarse mensajes de texto, poco a poco los desarrolladores de Telegram fueron a\u00f1adiendo m\u00e1s funcionalidades como videollamadas, mensajes de audio o mensajes de v\u00eddeo (idea que copiar\u00eda m\u00e1s tarde WhatsApp).<\/p>\n<p dir=\"ltr\">Actualmente, su residencia permanente se encuentra en la ciudad de Dub\u00e1i, en la que tambi\u00e9n se ubican las oficinas de Telegram. Para hacernos una idea de la magnitud de Telegram: tiene registrados <strong>900 millones de usuarios<\/strong>, de los cuales utiliza Telegram activa y diariamente la mitad.<\/p>\n<h2 dir=\"ltr\" id=\"por-que-han-detenido-al-fundador-de-telegram\">\u00bfPor qu\u00e9 han detenido al fundador de Telegram?<\/h2>\n<p dir=\"ltr\">La noche del 24 de agosto D\u00farov fue arrestado en el aeropuerto franc\u00e9s de Le Bourget en cuanto aterriz\u00f3 su vuelo proveniente desde Azerbaiy\u00e1n. Le acusan de <strong>colaboraci\u00f3n en tr\u00e1fico de drogas, terrorismo, abuso infantil y fraude. <\/strong>Estas dur\u00edsimas acusaciones se fundamentan en la pertinaz <strong>negativa del fundador<\/strong> de Telegram en cooperar con las autoridades francesas en la moderaci\u00f3n del contenido de su sistema de mensajer\u00eda.<\/p>\n<p dir=\"ltr\">La polic\u00eda francesa <strong>no puede optar por deportarlo ni por prohibir su libertad de movimiento en el pa\u00eds<\/strong>, ya que D\u00farov consigui\u00f3 la nacionalidad francesa en 2021. Actualmente, D\u00farov se enfrenta una pena de hasta 20 a\u00f1os en r\u00e9gimen penitenciario.<\/p>\n<p dir=\"ltr\">No obstante, el arresto de P\u00e1vel D\u00farov no es sino la gota que colma el vaso. En una de las escasas entrevistas el empresario desvel\u00f3 que tambi\u00e9n hab\u00eda recibido muchas presiones <strong>tanto de Rusia como de Estados Unidos <\/strong>para ejercer un mayor control sobre la plataforma desde sus respectivos gobiernos. <strong>Otros pa\u00edses<\/strong> como la India, Bielorrusia, Azerbaiy\u00e1n, Brasil, Ir\u00e1n, Espa\u00f1a, Alemania o Hong-Kong tambi\u00e9n le exigieron a D\u00farov que bloqueara algunos canales informativos de Telegram, alegando que difund\u00edan discursos de odio.<\/p>\n<h2 dir=\"ltr\" id=\"que-pasara-con-pavel-durov\">\u00bfQu\u00e9 pasar\u00e1 con P\u00e1vel D\u00farov?<\/h2>\n<p dir=\"ltr\">La detenci\u00f3n de P\u00e1vel D\u00farov no ha sido s\u00fabita, ya que<strong> la precede una investigaci\u00f3n concienzuda<\/strong> por la que las autoridades francesas han encontrado indicios que sirvan como base legal para proceder a su arresto.<\/p>\n<p dir=\"ltr\">Despu\u00e9s de la aprobaci\u00f3n judicial de su arresto y de que este surtiera efectos, se interroga al acusado sobre los resultados de la investigaci\u00f3n previa, ante a lo que D\u00farov ha podido contestar o bien limitarse a guardar silencio.<\/p>\n<p dir=\"ltr\">En general, una detenci\u00f3n de este tipo puede durar hasta 24 horas, pero todo apunta a que <strong>el arresto de P\u00e1vel se ha prorrogado. <\/strong>Luego, la polic\u00eda deber\u00e1 decidir si dejar a D\u00farov en libertad y continuar la investigaci\u00f3n, o si redirigirlo directamente a un juicio cuyo discernimiento puede alargarse un par de a\u00f1os.<\/p>\n<p dir=\"ltr\">Cabe mencionar que todo este proceso es confidencial, por lo que <strong>no sabremos nada del paradero ni situaci\u00f3n legal de D\u00farov<\/strong> hasta que las autoridades no oficialicen una decisi\u00f3n.<\/p>\n<h2 dir=\"ltr\" id=\"cuales-han-sido-las-reacciones-ante-la-detencion-de-durov\">\u00bfCu\u00e1les han sido las reacciones ante la detenci\u00f3n de D\u00farov?<\/h2>\n<p dir=\"ltr\">En general, la decisi\u00f3n del Gobierno Franc\u00e9s y los grav\u00edsimos cargos que se le imputan han suscitado una gran conmoci\u00f3n en todo el mundo, tambi\u00e9n en Occidente.<\/p>\n<p dir=\"ltr\">Desde el equipo de <strong>Telegram<\/strong> se han mostrado perplejos ante la detenci\u00f3n de su CEO y han afirmado que D\u00farov \u201cno tiene nada que ocultar\u201d.<\/p>\n<p dir=\"ltr\"><strong>Elon Musk<\/strong>, la cabeza de X (antes Twitter), ha abogado p\u00fablicamente por la liberaci\u00f3n sin cargos de D\u00farov y ha tuiteado de forma medio ir\u00f3nica en su perfil que \u201cEs 2030 en Europa y te ajustician por darle megusta a un meme\u201d.<\/p>\n<p dir=\"ltr\"><a href=\"https:\/\/www.rbc.ru\/politics\/27\/08\/2024\/66cd9ee19a79474d46195616\" target=\"_blank\" rel=\"nofollow noopener\">El Kremlin tambi\u00e9n se ha pronunciado<\/a> a trav\u00e9s del secretario de prensa de la Federaci\u00f3n Rusa, Dmitri Peskov: \u201cEsperamos que el se\u00f1or D\u00farov disponga de todos los medios necesarios para organizar su defensa ante las autoridades. Naturalmente, puesto que posee la nacionalidad rusa, actuaremos para ayudarlo en todo lo posible. Ahora bien, la situaci\u00f3n resulta complicada, ya que D\u00farov tambi\u00e9n tiene la nacionalidad francesa\u201d.<\/p>\n<p dir=\"ltr\">Por su parte,<a href=\"https:\/\/x.com\/EmmanuelMacron\/status\/1828077245606342672\" target=\"_blank\" rel=\"nofollow noopener\"> Emmanuel Macron ha declarado lo siguiente:<\/a> \u201cEs el poder judicial al que le corresponde, con plena independencia, hacer cumplir la ley\u201d.<\/p>\n<h2 dir=\"ltr\" id=\"el-arresto-de-pavel-durov-las-democracias-occidentales-en-tela-de-juicio\">El arresto de P\u00e1vel D\u00farov: Las democracias occidentales, en tela de juicio<\/h2>\n<p dir=\"ltr\">En un giro que <strong>desaf\u00eda los principios fundamentales de la democracia<\/strong> y el Estado de derecho, la detenci\u00f3n de P\u00e1vel D\u00farov en Francia expone las grietas en la fachada de libertad y justicia de Occidente.\u00a0<\/p>\n<p dir=\"ltr\">Este acto, respaldado por la Uni\u00f3n Europea, socava la <strong>independencia judicial<\/strong> a ojos de todos y nos plantea interrogantes inquietantes sobre la verdadera naturaleza de las libertades en las supuestas democracias avanzadas.<\/p>","protected":false},"excerpt":{"rendered":"<p>P\u00e1vel D\u00farov, tambi\u00e9n apodado como el Mark Zuckerberg ruso, fue arrestado el 24 de agosto en Francia por orden de [&hellip;]<\/p>\n","protected":false},"author":2,"featured_media":821,"comment_status":"closed","ping_status":"closed","sticky":false,"template":"","format":"standard","meta":{"_acf_changed":false,"site-sidebar-layout":"default","site-content-layout":"","ast-site-content-layout":"default","site-content-style":"default","site-sidebar-style":"default","ast-global-header-display":"","ast-banner-title-visibility":"","ast-main-header-display":"","ast-hfb-above-header-display":"","ast-hfb-below-header-display":"","ast-hfb-mobile-header-display":"","site-post-title":"","ast-breadcrumbs-content":"","ast-featured-img":"","footer-sml-layout":"","ast-disable-related-posts":"","theme-transparent-header-meta":"","adv-header-id-meta":"","stick-header-meta":"","header-above-stick-meta":"","header-main-stick-meta":"","header-below-stick-meta":"","astra-migrate-meta-layouts":"default","ast-page-background-enabled":"default","ast-page-background-meta":{"desktop":{"background-color":"var(--ast-global-color-5)","background-image":"","background-repeat":"repeat","background-position":"center center","background-size":"auto","background-attachment":"scroll","background-type":"","background-media":"","overlay-type":"","overlay-color":"","overlay-opacity":"","overlay-gradient":""},"tablet":{"background-color":"","background-image":"","background-repeat":"repeat","background-position":"center center","background-size":"auto","background-attachment":"scroll","background-type":"","background-media":"","overlay-type":"","overlay-color":"","overlay-opacity":"","overlay-gradient":""},"mobile":{"background-color":"","background-image":"","background-repeat":"repeat","background-position":"center center","background-size":"auto","background-attachment":"scroll","background-type":"","background-media":"","overlay-type":"","overlay-color":"","overlay-opacity":"","overlay-gradient":""}},"ast-content-background-meta":{"desktop":{"background-color":"var(--ast-global-color-4)","background-image":"","background-repeat":"repeat","background-position":"center center","background-size":"auto","background-attachment":"scroll","background-type":"","background-media":"","overlay-type":"","overlay-color":"","overlay-opacity":"","overlay-gradient":""},"tablet":{"background-color":"var(--ast-global-color-4)","background-image":"","background-repeat":"repeat","background-position":"center center","background-size":"auto","background-attachment":"scroll","background-type":"","background-media":"","overlay-type":"","overlay-color":"","overlay-opacity":"","overlay-gradient":""},"mobile":{"background-color":"var(--ast-global-color-4)","background-image":"","background-repeat":"repeat","background-position":"center center","background-size":"auto","background-attachment":"scroll","background-type":"","background-media":"","overlay-type":"","overlay-color":"","overlay-opacity":"","overlay-gradient":""}},"footnotes":""},"categories":[1],"tags":[],"class_list":["post-3234","post","type-post","status-publish","format-standard","has-post-thumbnail","hentry","category-sin-categorizar"],"acf":[],"_links":{"self":[{"href":"https:\/\/tecnologia.euroinnova.com\/fr\/wp-json\/wp\/v2\/posts\/3234","targetHints":{"allow":["GET"]}}],"collection":[{"href":"https:\/\/tecnologia.euroinnova.com\/fr\/wp-json\/wp\/v2\/posts"}],"about":[{"href":"https:\/\/tecnologia.euroinnova.com\/fr\/wp-json\/wp\/v2\/types\/post"}],"author":[{"embeddable":true,"href":"https:\/\/tecnologia.euroinnova.com\/fr\/wp-json\/wp\/v2\/users\/2"}],"replies":[{"embeddable":true,"href":"https:\/\/tecnologia.euroinnova.com\/fr\/wp-json\/wp\/v2\/comments?post=3234"}],"version-history":[{"count":0,"href":"https:\/\/tecnologia.euroinnova.com\/fr\/wp-json\/wp\/v2\/posts\/3234\/revisions"}],"wp:featuredmedia":[{"embeddable":true,"href":"https:\/\/tecnologia.euroinnova.com\/fr\/wp-json\/wp\/v2\/media\/821"}],"wp:attachment":[{"href":"https:\/\/tecnologia.euroinnova.com\/fr\/wp-json\/wp\/v2\/media?parent=3234"}],"wp:term":[{"taxonomy":"category","embeddable":true,"href":"https:\/\/tecnologia.euroinnova.com\/fr\/wp-json\/wp\/v2\/categories?post=3234"},{"taxonomy":"post_tag","embeddable":true,"href":"https:\/\/tecnologia.euroinnova.com\/fr\/wp-json\/wp\/v2\/tags?post=3234"}],"curies":[{"name":"wp","href":"https:\/\/api.w.org\/{rel}","templated":true}]}}