{"id":3206,"date":"2025-10-06T16:08:23","date_gmt":"2025-10-06T14:08:23","guid":{"rendered":"https:\/\/tecnologia.euroinnova.com\/inteligencia-artificial-en-el-g7-el-papa-advierte-de-los-desafios-de-la-ia\/"},"modified":"2025-10-14T10:20:20","modified_gmt":"2025-10-14T08:20:20","slug":"inteligencia-artificial-cumbre-g7","status":"publish","type":"post","link":"https:\/\/tecnologia.euroinnova.com\/fr\/inteligencia-artificial-cumbre-g7","title":{"rendered":"Intelligence artificielle au G7 : le pape met en garde contre les d\u00e9fis de l'IA"},"content":{"rendered":"<p dir=\"ltr\">El d\u00eda 13 de junio se reunieron las personalidades pol\u00edticas de numerosos pa\u00edses para poner en com\u00fan temas que conciernen a la econom\u00eda mundial: la lucha contra el cambio clim\u00e1tico, las alianzas estrat\u00e9gicas con las naciones del continente africano, la peliaguda tesitura en la Guerra de Ucrania, el conflicto en la franja de Gaza y, destacablemente, <strong>el papel de la inteligencia artificial y su futuro en la sociedad.<\/strong><\/p>\n<p dir=\"ltr\">El G7 es una<strong> agrupaci\u00f3n de democracias bien establecidas creada en 1975 que se re\u00fane cada a\u00f1o para tratar asuntos de actualidad<\/strong> y gran peso en el mundo. En este grupo se incluyen los Estados Unidos, Canad\u00e1, Francia, Alemania, Italia, Jap\u00f3n y Reino Unido.<\/p>\n<p dir=\"ltr\">As\u00ed pues, las personalidades m\u00e1s importantes que asistieron en representaci\u00f3n de sus pa\u00edses han sido: Joe Biden, Justin Trudeau, Emmanuel Macron, Olaf Scholz, Giorgia Meloni, Fumio Kishida y Rishi Sunak. A su vez, representando a la Uni\u00f3n Europea en su conjunto, acudieron Ursula von der Leyen y Charles Michel.<\/p>\n<p dir=\"ltr\">Tambi\u00e9n vinieron los presidentes y figuras p\u00fablicas equivalentes de muchos otros pa\u00edses alrededor del mundo que tienen lazos con Occidente. Sin embargo,<strong> la participaci\u00f3n m\u00e1s destacada de la cumbre del G7 <\/strong>de 2024 ha sido nada m\u00e1s y nada menos que\u2026 \u00a1la del Papa Francisco!<\/p>\n<h2 dir=\"ltr\" id=\"antecedentes-de-la-inteligencia-artificial-en-el-g7\">Antecedentes de la inteligencia artificial en el G7<\/h2>\n<p dir=\"ltr\">Desde que la IA generativa se populariz\u00f3 con software como ChatGPT, Gemini o Midjourney, los gobiernos y las grandes empresas han tomado especial inter\u00e9s en el funcionamiento y las aplicaciones de la inteligencia artificial por cuestiones econ\u00f3micas y morales.<\/p>\n<p dir=\"ltr\">Esto dio pie, ya en 2021, a que la Uni\u00f3n Europea redactase y aprobase por mayor\u00eda absoluta una <strong>Loi sur l'intelligence artificielle<\/strong>, que es la primera regulaci\u00f3n integral de la IA a nivel mundial que vela por la seguridad y buena praxis de la inteligencia artificial en todos los pa\u00edses miembros.<\/p>\n<p dir=\"ltr\">La Ley clasifica los sistemas de IA en cuatro categor\u00edas de riesgo seg\u00fan su potencial da\u00f1o. Los sistemas de alto riesgo, como los utilizados en la atenci\u00f3n m\u00e9dica o el transporte, est\u00e1n sujetos a requisitos estrictos, mientras que los de bajo riesgo, como chatbots o filtros de spam, tienen menos obligaciones. La ley proh\u00edbe los sistemas que suponen un riesgo inaceptable, como aquellos que manipulan el comportamiento humano de forma peligrosa o utilizan el reconocimiento facial para la vigilancia masiva.<\/p>\n<p dir=\"ltr\">La formulaci\u00f3n de esta ley, a todas luces insuficiente para los retos que plantea la inteligencia artificial actualmente, puso de relieve la necesidad de seguir dilucidando <strong>el papel de una tecnolog\u00eda emergente que crece a toda velocidad como es la IA y la actuaci\u00f3n deseable de las autoridades pol\u00edticas <\/strong>ante su permeaci\u00f3n en todos los aspectos de la vida de los ciudadanos.<\/p>\n<h2 dir=\"ltr\" id=\"que-se-ha-dicho-en-la-cumbre-del-g7-sobre-la-inteligencia-artificial\">\u00bfQu\u00e9 se ha dicho en la cumbre del G7 sobre la inteligencia artificial?<\/h2>\n<p dir=\"ltr\">La sociedad y, especialmente, los l\u00edderes pol\u00edticos no se han concienciado del todo sobre lo que supone la irrupci\u00f3n y la generalizaci\u00f3n de la IA en todos los \u00e1mbitos de la vida. Es por eso que un punto troncal de la \u00faltima cumbre del G7 ha sido la inteligencia artificial.<\/p>\n<p dir=\"ltr\">En esta reuni\u00f3n internacional, los presidentes y primeros ministros de las democracias occidentales abordaron el tema de la IA desde diferentes perspectivas: <strong>c\u00f3mo pueden los pa\u00edses y sus Estados aprovecharla en aras del progreso econ\u00f3mico, cu\u00e1les son sus riesgos y c\u00f3mo podr\u00edan mitigarse.<\/strong><\/p>\n<p dir=\"ltr\">Esto va en l\u00ednea con el Proceso de IA de Hiroshima organizado por el G7 en mayo de 2023 con el objetivo de crear y promover una inteligencia artificial segura y fiable en relaci\u00f3n con la protecci\u00f3n de datos. Esta cumbre pretend\u00eda dar una respuesta anticipada a las preocupaciones crecientes sobre la IA generativa como ChatGPT y los <a href=\"https:\/\/tecnologia.euroinnova.com\/fr\/etica-de-la-inteligencia-artificial\/\" target=\"_blank\" rel=\"noopener\">dilemas emergentes que plantea la inteligencia artificial.<\/a><\/p>\n<h2 dir=\"ltr\" id=\"el-discurso-del-papa-sobre-la-inteligencia-artificial-en-la-cumbre-del-g7\">El discurso del Papa sobre la inteligencia artificial en la cumbre del G7<\/h2>\n<p dir=\"ltr\">Para sorpresa de todos, el personaje p\u00fablico que m\u00e1s trat\u00f3 los l\u00edmites de la inteligencia artificial no ha sido un pol\u00edtico, sino el sumo pont\u00edfice de Roma.<\/p>\n<p dir=\"ltr\">En su conferencia, el Papa ha se\u00f1alado <strong>la naturaleza \u00fanica de la inteligencia artificial<\/strong> que la distingue de otras mil invenciones tecnol\u00f3gicas que han ido sucedi\u00e9ndose poco a poco a lo largo de la historia de la humanidad:<\/p>\n<p dir=\"ltr\"><em>Pero la inteligencia artificial es una herramienta a\u00fan m\u00e1s compleja. Yo dir\u00eda que es una herramienta sui generis. As\u00ed, mientras que el uso de una herramienta simple \u2014como un cuchillo\u2014 <strong>est\u00e1 bajo el control del ser humano que lo utiliza y su buen uso depende solo de \u00e9l,<\/strong> la inteligencia artificial, en cambio, puede adaptarse de forma aut\u00f3noma a la tarea que se le asigne y, si se dise\u00f1a de esa manera, podr\u00eda tomar decisiones independientemente del ser humano para alcanzar el objetivo fijado.<\/em><\/p>\n<p dir=\"ltr\">En su <a href=\"https:\/\/www.vatican.va\/content\/francesco\/es\/speeches\/2024\/june\/documents\/20240614-g7-intelligenza-artificiale.html\" target=\"_blank\" rel=\"noopener\">conferencia sobre inteligencia artificial<\/a>, el Papa destac\u00f3 tanto las promesas como los peligros de la inteligencia artificial. Subray\u00f3 que la inteligencia artificial es un producto del potencial creativo humano que puede democratizar el acceso al conocimiento y liberar a las personas de trabajos con un grado elevado de penosidad.<\/p>\n<h3 dir=\"ltr\" id=\"peligros-y-oportunidades-de-la-ia\">Peligros y oportunidades de la IA<\/h3>\n<p dir=\"ltr\">A su vez, advierte que si los gobiernos no ponen coto al uso indiscriminado de la inteligencia artificial, esta podr\u00eda llevar a <strong>aumentar las desigualdades<\/strong> y fomentar una cultura del descarte.<\/p>\n<p dir=\"ltr\">Adem\u00e1s, el Papa se\u00f1al\u00f3 que la inteligencia artificial debe contemplarse como una herramienta y no como un fin en s\u00ed mismo. Por tanto, deberemos <strong>evaluar su utilidad en funci\u00f3n del impacto positivo o negativo <\/strong>que ejerza en la sociedad, criterio que depender\u00e1 de c\u00f3mo se utilice y de las consecuencias que se deriven de su buen o mal uso.<\/p>\n<p dir=\"ltr\">Hizo hincapi\u00e9 en mantener un <strong>control humano definitivo sobre las decisiones que toman las m\u00e1quinas<\/strong> en \u00e1reas cr\u00edticas como los conflictos armados como el de la franja de Gaza o Ucrania, donde las decisiones de vida o muerte no deben dejarse a dispositivos aut\u00f3nomos.<\/p>\n<p dir=\"ltr\">En definitiva, en el G7 se habl\u00f3 de los peligros y oportunidades de la inteligencia artificial en relaci\u00f3n con<strong> el bien com\u00fan.<\/strong><\/p>","protected":false},"excerpt":{"rendered":"<p>El d\u00eda 13 de junio se reunieron las personalidades pol\u00edticas de numerosos pa\u00edses para poner en com\u00fan temas que conciernen [&hellip;]<\/p>\n","protected":false},"author":2,"featured_media":765,"comment_status":"closed","ping_status":"closed","sticky":false,"template":"","format":"standard","meta":{"_acf_changed":false,"site-sidebar-layout":"default","site-content-layout":"","ast-site-content-layout":"default","site-content-style":"default","site-sidebar-style":"default","ast-global-header-display":"","ast-banner-title-visibility":"","ast-main-header-display":"","ast-hfb-above-header-display":"","ast-hfb-below-header-display":"","ast-hfb-mobile-header-display":"","site-post-title":"","ast-breadcrumbs-content":"","ast-featured-img":"","footer-sml-layout":"","ast-disable-related-posts":"","theme-transparent-header-meta":"","adv-header-id-meta":"","stick-header-meta":"","header-above-stick-meta":"","header-main-stick-meta":"","header-below-stick-meta":"","astra-migrate-meta-layouts":"default","ast-page-background-enabled":"default","ast-page-background-meta":{"desktop":{"background-color":"var(--ast-global-color-5)","background-image":"","background-repeat":"repeat","background-position":"center center","background-size":"auto","background-attachment":"scroll","background-type":"","background-media":"","overlay-type":"","overlay-color":"","overlay-opacity":"","overlay-gradient":""},"tablet":{"background-color":"","background-image":"","background-repeat":"repeat","background-position":"center center","background-size":"auto","background-attachment":"scroll","background-type":"","background-media":"","overlay-type":"","overlay-color":"","overlay-opacity":"","overlay-gradient":""},"mobile":{"background-color":"","background-image":"","background-repeat":"repeat","background-position":"center center","background-size":"auto","background-attachment":"scroll","background-type":"","background-media":"","overlay-type":"","overlay-color":"","overlay-opacity":"","overlay-gradient":""}},"ast-content-background-meta":{"desktop":{"background-color":"var(--ast-global-color-4)","background-image":"","background-repeat":"repeat","background-position":"center center","background-size":"auto","background-attachment":"scroll","background-type":"","background-media":"","overlay-type":"","overlay-color":"","overlay-opacity":"","overlay-gradient":""},"tablet":{"background-color":"var(--ast-global-color-4)","background-image":"","background-repeat":"repeat","background-position":"center center","background-size":"auto","background-attachment":"scroll","background-type":"","background-media":"","overlay-type":"","overlay-color":"","overlay-opacity":"","overlay-gradient":""},"mobile":{"background-color":"var(--ast-global-color-4)","background-image":"","background-repeat":"repeat","background-position":"center center","background-size":"auto","background-attachment":"scroll","background-type":"","background-media":"","overlay-type":"","overlay-color":"","overlay-opacity":"","overlay-gradient":""}},"footnotes":""},"categories":[1],"tags":[],"class_list":["post-3206","post","type-post","status-publish","format-standard","has-post-thumbnail","hentry","category-sin-categorizar"],"acf":[],"_links":{"self":[{"href":"https:\/\/tecnologia.euroinnova.com\/fr\/wp-json\/wp\/v2\/posts\/3206","targetHints":{"allow":["GET"]}}],"collection":[{"href":"https:\/\/tecnologia.euroinnova.com\/fr\/wp-json\/wp\/v2\/posts"}],"about":[{"href":"https:\/\/tecnologia.euroinnova.com\/fr\/wp-json\/wp\/v2\/types\/post"}],"author":[{"embeddable":true,"href":"https:\/\/tecnologia.euroinnova.com\/fr\/wp-json\/wp\/v2\/users\/2"}],"replies":[{"embeddable":true,"href":"https:\/\/tecnologia.euroinnova.com\/fr\/wp-json\/wp\/v2\/comments?post=3206"}],"version-history":[{"count":0,"href":"https:\/\/tecnologia.euroinnova.com\/fr\/wp-json\/wp\/v2\/posts\/3206\/revisions"}],"wp:featuredmedia":[{"embeddable":true,"href":"https:\/\/tecnologia.euroinnova.com\/fr\/wp-json\/wp\/v2\/media\/765"}],"wp:attachment":[{"href":"https:\/\/tecnologia.euroinnova.com\/fr\/wp-json\/wp\/v2\/media?parent=3206"}],"wp:term":[{"taxonomy":"category","embeddable":true,"href":"https:\/\/tecnologia.euroinnova.com\/fr\/wp-json\/wp\/v2\/categories?post=3206"},{"taxonomy":"post_tag","embeddable":true,"href":"https:\/\/tecnologia.euroinnova.com\/fr\/wp-json\/wp\/v2\/tags?post=3206"}],"curies":[{"name":"wp","href":"https:\/\/api.w.org\/{rel}","templated":true}]}}