{"id":3127,"date":"2025-10-06T16:06:54","date_gmt":"2025-10-06T14:06:54","guid":{"rendered":"https:\/\/tecnologia.euroinnova.com\/apple-vision-pro-el-paso-tecnologico-definitivo-hacia-la-realidad-mixta\/"},"modified":"2025-10-07T14:57:11","modified_gmt":"2025-10-07T12:57:11","slug":"apple-vision-pro","status":"publish","type":"post","link":"https:\/\/tecnologia.euroinnova.com\/fr\/apple-vision-pro","title":{"rendered":"Apple Vision Pro : la derni\u00e8re \u00e9tape technologique vers la r\u00e9alit\u00e9 mixte ?"},"content":{"rendered":"<p><span style=\"font-weight: 400;\">El gigante tecnol\u00f3gico ha lanzado al mercado estadounidense su \u00faltimo producto de tecnolog\u00eda punta: las Apple Vision Pro, que p<strong>ueden comprarse desde el 2 de febrero en las tiendas oficiales de Apple, exclusivamente en EE. UU.<\/strong> Se espera de esta tecnolog\u00eda que rompa con los moldes de la realidad tal y como la percibimos, y que suponga un adelanto sin parang\u00f3n en la realidad mixta.<\/span><\/p>\n<p><span style=\"font-weight: 400;\">De cumplirse sus expectativas, esta invenci\u00f3n podr\u00eda ir revolucionando la forma en la que vivimos y trabajamos a medida que se fuese incorporando en cada sector social y laboral. En este art\u00edculo, te contamos todo lo que necesitas saber sobre las Apple Vision Pro, cu\u00e1les son sus funcionalidades, d\u00f3nde comprarlas, cu\u00e1nto cuestan y otras cuestiones tecnol\u00f3gicas relevantes.<\/span><\/p>\n<h2 id=\"como-funcionan-las-apple-vision-pro\"><span style=\"font-weight: 400;\">\u00bfC\u00f3mo funcionan las Apple Vision Pro?<\/span><\/h2>\n<p><span style=\"font-weight: 400;\">Las Apple Vision Pro utilizan <strong>c\u00e1maras en 3D y sensores<\/strong> de \u00faltima generaci\u00f3n que se sincronizan para ofrecer una experiencia espacial \u00fanica. Es a trav\u00e9s de estas gafas laminadas tan vistosas que nuestros ojos pueden captar y manipular la interfaz de un software tecnol\u00f3gico en la realidad que perciben. Es decir, Apple ha dado el salto transgrediendo la frontera de lo virtual y real al llevar su sistema operativo a nuestro mundo tridimensional.<\/span><\/p>\n<p><span style=\"font-weight: 400;\">Con las Apple Vision Pro, los usuarios <strong>podremos interactuar con la interfaz de OS y con todo el contenido digital de Internet moviendo los ojos, las manos y con comandos de voz.<\/strong> Este dispositivo en su versi\u00f3n original contar\u00e1 con 12 c\u00e1maras, 5 sensores y 6 micr\u00f3fonos, entre otros elementos tecnol\u00f3gicos pensados para brindarnos una experiencia de <a href=\"https:\/\/tecnologia.euroinnova.com\/fr\/realidad-mixta\/\" target=\"_blank\" rel=\"noopener\">realidad mixta<\/a> sin precedentes.<\/span><\/p>\n<p><span style=\"font-weight: 400;\">Las c\u00e1maras infrarrojas en el interior de las gafas registrar\u00e1n el movimiento ocular para que el software pueda modificar la vista del entorno seg\u00fan vayamos dirigiendo la mirada, tal y como har\u00edan nuestros ojos de forma natural. Adem\u00e1s, viene con un par de c\u00e1maras exteriores que apuntan a la zona de las manos, para que el usuario pueda interactuar con visionOS mediante gestos. A su vez, viene con sensores LIDAR que detectar\u00e1n la posici\u00f3n din\u00e1mica de los elementos que nos rodean.<\/span><\/p>\n<h2 id=\"ya-hay-personas-llevandolas-por-la-calle\"><span style=\"font-weight: 400;\">Ya hay personas llev\u00e1ndolas por la calle<\/span><\/h2>\n<p><span style=\"font-weight: 400;\">Las redes y los peri\u00f3dicos se han hecho eco de personas que ya han comprado las gafas de Google y, ni cortos ni perezosos, han decidido integrarlas en su d\u00eda a d\u00eda. En algunos casos, se ha visto a <\/span><a href=\"https:\/\/twitter.com\/Casey\/status\/1753848769118970152\" rel=\"nofollow noopener\" target=\"_blank\"><span style=\"font-weight: 400;\">algunos conductores que llevaban puestas las gafas<\/span><\/a><span style=\"font-weight: 400;\"> en plena conducci\u00f3n, lo que ha suscitado reacciones que lindan entre lo c\u00f3mico y lo indignante. Incluso ha ca\u00eddo ya alguna <\/span><a href=\"https:\/\/www.dailymail.co.uk\/news\/article-13045331\/Tesla-owner-pulled-driving-wearing-Apple-Vision-Pro.html\" rel=\"nofollow noopener\" target=\"_blank\"><span style=\"font-weight: 400;\">multa por conducci\u00f3n temeraria<\/span><\/a><span style=\"font-weight: 400;\"> al usar las controvertidas gafas.<\/span><\/p>\n<p><span style=\"font-weight: 400;\">Un youtuber norteamericano (Casey Neistat) ha subido un<\/span><a href=\"https:\/\/www.youtube.com\/watch?v=UvkgmyfMPks\" rel=\"nofollow noopener\" target=\"_blank\"><span style=\"font-weight: 400;\"> v\u00eddeo en el que se muestra un extracto de su experiencia con las Apple Vision Pro<\/span><\/a><span style=\"font-weight: 400;\"> paseando por las calles de Nueva York. En el v\u00eddeo se muestra la perspectiva de lo que \u00e9l ve con las gafas mientras monta en patinete, va en el metro o se come un donut.<\/span><\/p>\n<p><span style=\"font-weight: 400;\">El youtuber dice que estuvo andando con las gafas tanto tiempo que lleg\u00f3 a olvidarse de que estaba inmerso en una realidad mixta. En su opini\u00f3n, estas gafas reflejan el futuro venidero de la tecnolog\u00eda, pero recomienda a sus suscriptores que esperen a que Apple lance una versi\u00f3n mejorada, ya que <strong>las Apple Vision Pro son solo el pre\u00e1mbulo de una revoluci\u00f3n tecnol\u00f3gica que est\u00e1 por venir.<\/strong><\/span><\/p>\n<h2 id=\"cuando-llegan-las-apple-vision-pro-a-espana\"><span style=\"font-weight: 400;\">\u00bfCu\u00e1ndo llegan las Apple Vision Pro a Espa\u00f1a?<\/span><\/h2>\n<p><span style=\"font-weight: 400;\">Pomme <strong>no ha anunciado una fecha concreta de lanzamiento de las Apple Vision Pro en Espa\u00f1a ni en ning\u00fan otro pa\u00eds de Europa<\/strong>, pero se estima que podr\u00edan estar disponibles para su compra en tienda para finales de este a\u00f1o o principios de 2025. Es probable que Apple decida lanzarlas primero en pa\u00edses como Canad\u00e1, Reino Unido y Suiza, donde la marca goza de mucha popularidad.<\/span><\/p>\n<h2 id=\"puedo-comprar-ya-las-apple-vision-pro\"><span style=\"font-weight: 400;\">\u00bfPuedo comprar ya las Apple Vision Pro?<\/span><\/h2>\n<p><span style=\"font-weight: 400;\">A no ser que residas en EE. UU. o tengas alg\u00fan conocido que las pueda comprar para ti y envi\u00e1rtelas por correo, <strong>no es posible que las compres actualmente desde Espa\u00f1a o cualquier otro pa\u00eds europeo.<\/strong><\/span><\/p>\n<p><span style=\"font-weight: 400;\">Los m\u00e1s ansiosos y aficiones de Apple podr\u00edan, hipot\u00e9ticamente, contratar un servicio de VPN para reservar las gafas en el sitio web oficial de Apple y, m\u00e1s tarde, coger un avi\u00f3n hasta Estados Unidos para recogerlas all\u00ed. Pero entendemos que esto es demasiado barullo para el usuario medio, por lo que confirmamos que, por el momento, Apple no est\u00e1 comercializando sus gafas fuera de la metr\u00f3poli.<\/span><\/p>\n<h2 id=\"cuanto-cuestan-las-apple-vision-pro\"><span style=\"font-weight: 400;\">\u00bfCu\u00e1nto cuestan las Apple Vision Pro?<\/span><\/h2>\n<p><span style=\"font-weight: 400;\">Si bien, ya hay algunos supuestos vendedores que se han tomado la molestia de cruzar el charco para comprarlas, anunciarlas en Ebay y especular con ellas. El precio de venta en esta plataforma, con gastos de env\u00edos incluidos, ronda los<strong> 6.500 \u20ac<\/strong>, prohibitivo para muchos. Este precio es muy superior a su valor de venta original <strong>en Estados Unidos, que se est\u00e1n comercializando en las tiendas de Apple a 3.499\u202f$<\/strong>, casi la mitad.<\/span><\/p>\n<p><span style=\"font-weight: 400;\">Desde Euroinnova te recomendamos paciencia y no comprar ninguna novedad tecnol\u00f3gica de la mano de vendedores no oficiales que ofrecen un producto inveros\u00edmil. Los estafadores suelen aprovechar estos revuelos medi\u00e1ticos para enga\u00f1ar a personas muy interesadas, pero poco prudentes.<\/span><\/p>\n<h2 id=\"sera-un-fracaso-como-las-google-glasses\"><span style=\"font-weight: 400;\">\u00bfSer\u00e1 un fracaso como las Google Glasses?<\/span><\/h2>\n<p><span style=\"font-weight: 400;\">Visto el bombo que se le est\u00e1 dando a las gafas de Apple, cabr\u00eda preguntarse si no<strong> se est\u00e1 generando una conmoci\u00f3n parecida a la que sucedi\u00f3 con las olvidadas Google Glasses.<\/strong> Para quien no se acuerde, este dispositivo lo lanz\u00f3 Google a bombo y platillo hace una d\u00e9cada y la prensa no tard\u00f3 en bombardearnos con titulares rocambolescos que ba\u00f1aban en desmesurados halagos al nuevo producto y a la compa\u00f1\u00eda.<\/span><\/p>\n<p><span style=\"font-weight: 400;\">Todav\u00eda no podemos asegurar que las Apple Vision Pro vayan a tener una buena acogida comercial real en la sociedad de a pie. Para ello, deber\u00e1 sortear las dificultades que afront\u00f3 en su d\u00eda Google y evitar algunos errores. <strong>Uno de sus fallos fue posicionar el producto como un lujo<\/strong>, con un precio que la audiencia juzg\u00f3 demasiado elevado. Todav\u00eda queda por ver c\u00f3mo ser\u00e1 el lanzamiento de las Apple Vision Pro en Espa\u00f1a y en otros pa\u00edses en un contexto inflacionario como el actual.<\/span><\/p>\n<h2 id=\"opiniones-encontradas-una-utopia-o-una-distopia-tecnologica\"><span style=\"font-weight: 400;\">Opiniones encontradas: \u00bfuna utop\u00eda o una distop\u00eda tecnol\u00f3gica?<\/span><\/h2>\n<p><span style=\"font-weight: 400;\">Como con los \u00faltimos avances en materia de nuevas tecnolog\u00edas e inteligencia artificial, las Apple Vision Pro han levantado una vor\u00e1gine de sentimientos encontrados. Por una parte, tenemos a los que est\u00e1n <strong>asombrados con esta tecnolog\u00eda<\/strong> y se muestran deseosos de probarla. Por otro lado, hay quienes se muestran muy esperanzados con las mejoras tecnol\u00f3gicas y sociales que podr\u00e1 traer esta tecnolog\u00eda futurista que hasta hace un par de a\u00f1os parec\u00eda ilusoria.<\/span><\/p>\n<p><span style=\"font-weight: 400;\">Pero, por otro tercer lado, hay un n\u00famero significativo de personas con reservas justificadas sobre <strong>el impacto negativo que pudiera provocar la normalizaci\u00f3n<\/strong> de tecnolog\u00edas como las gafas de Apple en la sociedad. \u00bfNos va a volver la tecnolog\u00eda m\u00e1s ego\u00edstas y centrados en nosotros mismos?, \u00bfvan a desdibujarse los l\u00edmites entre lo real y lo virtual?, \u00bfnos vamos a ver absortos en un universo de est\u00edmulos irreales?<\/span><\/p>","protected":false},"excerpt":{"rendered":"<p>El gigante tecnol\u00f3gico ha lanzado al mercado estadounidense su \u00faltimo producto de tecnolog\u00eda punta: las Apple Vision Pro, que pueden [&hellip;]<\/p>\n","protected":false},"author":2,"featured_media":607,"comment_status":"closed","ping_status":"closed","sticky":false,"template":"","format":"standard","meta":{"_acf_changed":false,"site-sidebar-layout":"default","site-content-layout":"","ast-site-content-layout":"default","site-content-style":"default","site-sidebar-style":"default","ast-global-header-display":"","ast-banner-title-visibility":"","ast-main-header-display":"","ast-hfb-above-header-display":"","ast-hfb-below-header-display":"","ast-hfb-mobile-header-display":"","site-post-title":"","ast-breadcrumbs-content":"","ast-featured-img":"","footer-sml-layout":"","ast-disable-related-posts":"","theme-transparent-header-meta":"","adv-header-id-meta":"","stick-header-meta":"","header-above-stick-meta":"","header-main-stick-meta":"","header-below-stick-meta":"","astra-migrate-meta-layouts":"default","ast-page-background-enabled":"default","ast-page-background-meta":{"desktop":{"background-color":"var(--ast-global-color-5)","background-image":"","background-repeat":"repeat","background-position":"center center","background-size":"auto","background-attachment":"scroll","background-type":"","background-media":"","overlay-type":"","overlay-color":"","overlay-opacity":"","overlay-gradient":""},"tablet":{"background-color":"","background-image":"","background-repeat":"repeat","background-position":"center center","background-size":"auto","background-attachment":"scroll","background-type":"","background-media":"","overlay-type":"","overlay-color":"","overlay-opacity":"","overlay-gradient":""},"mobile":{"background-color":"","background-image":"","background-repeat":"repeat","background-position":"center center","background-size":"auto","background-attachment":"scroll","background-type":"","background-media":"","overlay-type":"","overlay-color":"","overlay-opacity":"","overlay-gradient":""}},"ast-content-background-meta":{"desktop":{"background-color":"var(--ast-global-color-4)","background-image":"","background-repeat":"repeat","background-position":"center center","background-size":"auto","background-attachment":"scroll","background-type":"","background-media":"","overlay-type":"","overlay-color":"","overlay-opacity":"","overlay-gradient":""},"tablet":{"background-color":"var(--ast-global-color-4)","background-image":"","background-repeat":"repeat","background-position":"center center","background-size":"auto","background-attachment":"scroll","background-type":"","background-media":"","overlay-type":"","overlay-color":"","overlay-opacity":"","overlay-gradient":""},"mobile":{"background-color":"var(--ast-global-color-4)","background-image":"","background-repeat":"repeat","background-position":"center center","background-size":"auto","background-attachment":"scroll","background-type":"","background-media":"","overlay-type":"","overlay-color":"","overlay-opacity":"","overlay-gradient":""}},"footnotes":""},"categories":[1],"tags":[],"class_list":["post-3127","post","type-post","status-publish","format-standard","has-post-thumbnail","hentry","category-sin-categorizar"],"acf":[],"_links":{"self":[{"href":"https:\/\/tecnologia.euroinnova.com\/fr\/wp-json\/wp\/v2\/posts\/3127","targetHints":{"allow":["GET"]}}],"collection":[{"href":"https:\/\/tecnologia.euroinnova.com\/fr\/wp-json\/wp\/v2\/posts"}],"about":[{"href":"https:\/\/tecnologia.euroinnova.com\/fr\/wp-json\/wp\/v2\/types\/post"}],"author":[{"embeddable":true,"href":"https:\/\/tecnologia.euroinnova.com\/fr\/wp-json\/wp\/v2\/users\/2"}],"replies":[{"embeddable":true,"href":"https:\/\/tecnologia.euroinnova.com\/fr\/wp-json\/wp\/v2\/comments?post=3127"}],"version-history":[{"count":0,"href":"https:\/\/tecnologia.euroinnova.com\/fr\/wp-json\/wp\/v2\/posts\/3127\/revisions"}],"wp:featuredmedia":[{"embeddable":true,"href":"https:\/\/tecnologia.euroinnova.com\/fr\/wp-json\/wp\/v2\/media\/607"}],"wp:attachment":[{"href":"https:\/\/tecnologia.euroinnova.com\/fr\/wp-json\/wp\/v2\/media?parent=3127"}],"wp:term":[{"taxonomy":"category","embeddable":true,"href":"https:\/\/tecnologia.euroinnova.com\/fr\/wp-json\/wp\/v2\/categories?post=3127"},{"taxonomy":"post_tag","embeddable":true,"href":"https:\/\/tecnologia.euroinnova.com\/fr\/wp-json\/wp\/v2\/tags?post=3127"}],"curies":[{"name":"wp","href":"https:\/\/api.w.org\/{rel}","templated":true}]}}