{"id":3072,"date":"2025-10-06T16:05:50","date_gmt":"2025-10-06T14:05:50","guid":{"rendered":"https:\/\/tecnologia.euroinnova.com\/que-es-la-alfabetizacion-digital-y-que-tipos-hay\/"},"modified":"2025-10-07T14:57:59","modified_gmt":"2025-10-07T12:57:59","slug":"que-es-la-alfabetizacion-digital","status":"publish","type":"post","link":"https:\/\/tecnologia.euroinnova.com\/en\/que-es-la-alfabetizacion-digital","title":{"rendered":"What is digital literacy and what types are there?"},"content":{"rendered":"<p>La alfabetizaci\u00f3n o alfabetismo digital <strong>es una necesidad de adaptaci\u00f3n a las tecnolog\u00edas y al \u00e1mbito digital para las empresas y para la sociedad<\/strong> en su conjunto. Hoy d\u00eda, se da por hecho que los j\u00f3venes est\u00e1n alfabetizados en lo digital, pero hay colectivos como las personas de la tercera edad que, por falta de costumbre o capacidades, no lo tienen tan f\u00e1cil. Y aun as\u00ed, aunque los ni\u00f1os est\u00e9n en contacto continuo con las nuevas tecnolog\u00edas, esto no significa que sepan sacarle partido y aplicarla de forma \u00fatil a su d\u00eda a d\u00eda.<\/p>\n<p>La alfabetizaci\u00f3n digital <strong>es la capacidad de usar y comprender la tecnolog\u00eda digital<\/strong>, como ordenadores, dispositivos m\u00f3viles e Internet, para realizar tareas, acceder a informaci\u00f3n y comunicarse de manera efectiva en el mundo digital. Se trata de adquirir unas competencias digitales b\u00e1sicas para poder hacer un uso funcional de las tecnolog\u00edas en nuestra vida personal y laboral cotidiana.<\/p>\n<p>Se estima que, a d\u00eda de hoy, <strong>el 40% de las personas mayores nunca ha utilizado Internet.<\/strong>\u00a0Si observamos las estad\u00edsticas de los j\u00f3venes, notamos el pronunciado contraste: el 99,7% de las personas entre 16 y 24 a\u00f1os utilizan Internet todos los d\u00edas.\u00a0<\/p>\n<p>Estos datos dan cuenta de la\u00a0<strong>brecha digital<\/strong>, que se traduce en una necesidad de alfabetizaci\u00f3n digital para una generaci\u00f3n aletargada, como son los mayores, as\u00ed como para una generaci\u00f3n de la que se espera un uso fluido de la tecnolog\u00eda, como son los j\u00f3venes.<\/p>\n<h2 id=\"5-tipos-de-alfabetizacion-digital\">5 tipos de alfabetizaci\u00f3n digital<\/h2>\n<p>Seg\u00fan la Comisi\u00f3n Europea, la alfabetizaci\u00f3n digital se divide en cinco dominios: informaci\u00f3n y datos, comunicaci\u00f3n y colaboraci\u00f3n, creaci\u00f3n de contenido digital, seguridad y resoluci\u00f3n de problemas. A continuaci\u00f3n, te desgranamos el conjunto de habilidades que se espera de alguien alfabetizado digitalmente en cada uno de estos aspectos:<\/p>\n<h3 id=\"informacion-y-datos\">Informaci\u00f3n y datos<\/h3>\n<p>Buscar y filtrar informaci\u00f3n y contenido digital seg\u00fan las necesidades propias<\/p>\n<ul>\n<li>Acceder a fuentes de informaci\u00f3n y navegar dentro de ellas<\/li>\n<li>Crear y actualizar estrategias personales de b\u00fasqueda de informaci\u00f3n<\/li>\n<li>Analizar, comparar y valorar con ojo cr\u00edtico la credibilidad de las fuentes de informaci\u00f3n y contenido digital<\/li>\n<li>Organizar, almacenar y extraer informaci\u00f3n y datos del medio digital, y procesarlos de forma estructurada<br \/>\u00a0<\/li>\n<\/ul>\n<h3 id=\"comunicacion-y-colaboracion\">Comunicaci\u00f3n y colaboraci\u00f3n<\/h3>\n<ul>\n<li>Interactuar con otras personas mediante diferentes tecnolog\u00edas digitales<\/li>\n<li>Compartir datos y contenido digital en medios digitales<\/li>\n<li>Participar en la sociedad mediante servicios digitales en el \u00e1mbito p\u00fablico y privado<\/li>\n<li>Emplear herramientas digitales y tecnol\u00f3gicas para tareas colaborativas<\/li>\n<li>Adaptarse a las normas sociales en la comunicaci\u00f3n digital<\/li>\n<li>Gestionar la marca personal y la propia identidad en l\u00ednea y en redes sociales<br \/>\u00a0<\/li>\n<\/ul>\n<h3 id=\"creacion-de-contenido-digital\">Creaci\u00f3n de contenido digital<\/h3>\n<ul>\n<li>Generar y editar contenido digital en diferentes formatos<\/li>\n<li>Modificar, mejorar y a\u00f1adir informaci\u00f3n a un conjunto de contenidos<\/li>\n<li>Comprender el copyright y los derechos de autor de los contenidos digitales<\/li>\n<li>Desarrollar una secuencia de instrucciones de programaci\u00f3n para que un sistema inform\u00e1tico lleve a cabo una serie de tareas<br \/>\u00a0<\/li>\n<\/ul>\n<h3 id=\"seguridad\">Security<\/h3>\n<ul>\n<li>Conocer las medidas de seguridad pertinentes para proteger los dispositivos y contenido digital personales<\/li>\n<li>Entender las pr\u00e1cticas recomendadas de privacidad de datos para compartir informaci\u00f3n personal identificable.<\/li>\n<li>Prevenir perjuicios f\u00edsicos y psicol\u00f3gicos derivados del uso de las tecnolog\u00edas<\/li>\n<li>Proteger el entorno personal de perjuicios derivados del uso de las tecnolog\u00edas<br \/>\u00a0<\/li>\n<\/ul>\n<h3 id=\"resolucion-de-problemas\">Troubleshooting<\/h3>\n<ul>\n<li>Identificar problemas t\u00e9cnicos al interactuar con dispositivos en medios digitales<\/li>\n<li>Seleccionar las herramientas digitales adecuadas para dar respuesta a las necesidades personales<\/li>\n<li>Emplear herramientas digitales y tecnol\u00f3gicas para resolver problemas, innovar en procesos y generar nuevas unidades de informaci\u00f3n<\/li>\n<li>Ser capaz de ayudar a otros en el desarrollo de sus competencias digitales<\/li>\n<li>Ser consciente del alcance de las propias digitales de uno mismo<\/li>\n<\/ul>\n<h3 id=\"es-la-programacion-parte-de-la-alfabetizacion-digital\">\u00bfEs la programaci\u00f3n parte de la alfabetizaci\u00f3n digital?<\/h3>\n<p>Cabe mencionar que la programaci\u00f3n\u00a0<strong>no se considera, por ahora, una competencia digital b\u00e1sica ni un indicativo de alfabetizaci\u00f3n digital<\/strong> como tal debido a que entra\u00f1a una mayor complejidad y grado de especializaci\u00f3n.\u00a0<\/p>\n<p>Aun as\u00ed, la programaci\u00f3n para ni\u00f1os es una realidad que se est\u00e1 empezando a implementar en las escuelas, por lo que no ser\u00eda de extra\u00f1ar que en una d\u00e9cada lo que entendemos por alfabetizaci\u00f3n digital pase a comprender tambi\u00e9n habilidades de programaci\u00f3n de base.<\/p>\n<h2 id=\"por-que-es-importante-la-alfabetizacion-digital\">\u00bfPor qu\u00e9 es importante la alfabetizaci\u00f3n digital?<\/h2>\n<p>Gracias a la habilidad de navegar la web y utilizar recursos en l\u00ednea, las personas pueden acceder a noticias, investigaciones y recursos educativos para enriquecerse en lo cultural y en lo t\u00e9cnico.\u00a0<\/p>\n<p>Adem\u00e1s, numerosos procesos gubernamentales y\u00a0<strong>servicios p\u00fablicos telem\u00e1ticos<\/strong> se gestionan a trav\u00e9s de plataformas digitales, por lo que para realizar algunos tr\u00e1mites como la adquisici\u00f3n del certificado digital o pedir cita m\u00e9dica es necesario estar alfabetizado digitalmente.<\/p>\n<p>Asimismo, la alfabetizaci\u00f3n digital tiene un impacto profundo en la comunicaci\u00f3n y las relaciones interpersonales gracias a las redes sociales y a las plataformas de mensajer\u00eda en l\u00ednea. Aquellos con competencias digitales pueden\u00a0<strong>mantener conexiones personales y profesionales s\u00f3lidas<\/strong> a pesar de las distancias geogr\u00e1ficas.<\/p>\n<p>Por otro lado, la relaci\u00f3n entre la alfabetizaci\u00f3n digital y el \u00e1mbito laboral es innegable. En la actualidad,\u00a0<strong>muchas profesiones demandan destrezas digitales<\/strong>\u00a0para llevar a cabo tareas cotidianas y adaptarse a entornos laborales cambiantes. Actualmente,\u00a0<strong>para buscar empleo es esencial <\/strong>saber navegar por las plataformas de empleo en l\u00ednea como Infojobs o LinkedIn, crear perfiles profesionales y utilizar herramientas digitales varias.<\/p>\n<p>En cualquier caso, la sociedad actual est\u00e1 en constante evoluci\u00f3n tecnol\u00f3gica. Como puedes inferir,\u00a0<strong>aquellos que carecen de habilidades digitales corren el riesgo de quedar rezagados <\/strong>en todos los \u00e1mbitos de la vida: trabajo, salud, socializaci\u00f3n, noticias, ocio, etc.<\/p>\n<p><strong>La alfabetizaci\u00f3n digital es un deber<\/strong> de las instituciones p\u00fablicas y privadas, pero tambi\u00e9n de los ciudadanos como entes individuales que tiene como objetivo fomentar el progreso de la mano de la tecnolog\u00eda para todo el mundo.<\/p>","protected":false},"excerpt":{"rendered":"<p>La alfabetizaci\u00f3n o alfabetismo digital es una necesidad de adaptaci\u00f3n a las tecnolog\u00edas y al \u00e1mbito digital para las empresas [&hellip;]<\/p>\n","protected":false},"author":2,"featured_media":497,"comment_status":"closed","ping_status":"closed","sticky":false,"template":"","format":"standard","meta":{"_acf_changed":false,"site-sidebar-layout":"default","site-content-layout":"","ast-site-content-layout":"default","site-content-style":"default","site-sidebar-style":"default","ast-global-header-display":"","ast-banner-title-visibility":"","ast-main-header-display":"","ast-hfb-above-header-display":"","ast-hfb-below-header-display":"","ast-hfb-mobile-header-display":"","site-post-title":"","ast-breadcrumbs-content":"","ast-featured-img":"","footer-sml-layout":"","ast-disable-related-posts":"","theme-transparent-header-meta":"","adv-header-id-meta":"","stick-header-meta":"","header-above-stick-meta":"","header-main-stick-meta":"","header-below-stick-meta":"","astra-migrate-meta-layouts":"default","ast-page-background-enabled":"default","ast-page-background-meta":{"desktop":{"background-color":"var(--ast-global-color-5)","background-image":"","background-repeat":"repeat","background-position":"center center","background-size":"auto","background-attachment":"scroll","background-type":"","background-media":"","overlay-type":"","overlay-color":"","overlay-opacity":"","overlay-gradient":""},"tablet":{"background-color":"","background-image":"","background-repeat":"repeat","background-position":"center center","background-size":"auto","background-attachment":"scroll","background-type":"","background-media":"","overlay-type":"","overlay-color":"","overlay-opacity":"","overlay-gradient":""},"mobile":{"background-color":"","background-image":"","background-repeat":"repeat","background-position":"center center","background-size":"auto","background-attachment":"scroll","background-type":"","background-media":"","overlay-type":"","overlay-color":"","overlay-opacity":"","overlay-gradient":""}},"ast-content-background-meta":{"desktop":{"background-color":"var(--ast-global-color-4)","background-image":"","background-repeat":"repeat","background-position":"center center","background-size":"auto","background-attachment":"scroll","background-type":"","background-media":"","overlay-type":"","overlay-color":"","overlay-opacity":"","overlay-gradient":""},"tablet":{"background-color":"var(--ast-global-color-4)","background-image":"","background-repeat":"repeat","background-position":"center center","background-size":"auto","background-attachment":"scroll","background-type":"","background-media":"","overlay-type":"","overlay-color":"","overlay-opacity":"","overlay-gradient":""},"mobile":{"background-color":"var(--ast-global-color-4)","background-image":"","background-repeat":"repeat","background-position":"center center","background-size":"auto","background-attachment":"scroll","background-type":"","background-media":"","overlay-type":"","overlay-color":"","overlay-opacity":"","overlay-gradient":""}},"footnotes":""},"categories":[1],"tags":[],"class_list":["post-3072","post","type-post","status-publish","format-standard","has-post-thumbnail","hentry","category-sin-categorizar"],"acf":[],"_links":{"self":[{"href":"https:\/\/tecnologia.euroinnova.com\/en\/wp-json\/wp\/v2\/posts\/3072","targetHints":{"allow":["GET"]}}],"collection":[{"href":"https:\/\/tecnologia.euroinnova.com\/en\/wp-json\/wp\/v2\/posts"}],"about":[{"href":"https:\/\/tecnologia.euroinnova.com\/en\/wp-json\/wp\/v2\/types\/post"}],"author":[{"embeddable":true,"href":"https:\/\/tecnologia.euroinnova.com\/en\/wp-json\/wp\/v2\/users\/2"}],"replies":[{"embeddable":true,"href":"https:\/\/tecnologia.euroinnova.com\/en\/wp-json\/wp\/v2\/comments?post=3072"}],"version-history":[{"count":0,"href":"https:\/\/tecnologia.euroinnova.com\/en\/wp-json\/wp\/v2\/posts\/3072\/revisions"}],"wp:featuredmedia":[{"embeddable":true,"href":"https:\/\/tecnologia.euroinnova.com\/en\/wp-json\/wp\/v2\/media\/497"}],"wp:attachment":[{"href":"https:\/\/tecnologia.euroinnova.com\/en\/wp-json\/wp\/v2\/media?parent=3072"}],"wp:term":[{"taxonomy":"category","embeddable":true,"href":"https:\/\/tecnologia.euroinnova.com\/en\/wp-json\/wp\/v2\/categories?post=3072"},{"taxonomy":"post_tag","embeddable":true,"href":"https:\/\/tecnologia.euroinnova.com\/en\/wp-json\/wp\/v2\/tags?post=3072"}],"curies":[{"name":"wp","href":"https:\/\/api.w.org\/{rel}","templated":true}]}}